{"id":12832,"date":"2025-08-29T02:29:14","date_gmt":"2025-08-29T00:29:14","guid":{"rendered":"https:\/\/netzwerk-homoeopathie.info\/?p=12832"},"modified":"2025-09-01T18:58:51","modified_gmt":"2025-09-01T16:58:51","slug":"politischer-handlungsbedarf-offener-brief-des-inh-an-bundesgesundheitsministerin-warken","status":"publish","type":"post","link":"https:\/\/netzwerk-homoeopathie.info\/en\/politischer-handlungsbedarf-offener-brief-des-inh-an-bundesgesundheitsministerin-warken\/","title":{"rendered":"Politischer Handlungsbedarf: Offener Brief des INH an Bundesgesundheitsministerin Warken"},"content":{"rendered":"<span class=\"span-reading-time rt-reading-time\" style=\"display: block;\"><span class=\"rt-label rt-prefix\">Lesedauer \/ Reading Time:<\/span> <span class=\"rt-time\"> 2<\/span> <span class=\"rt-label rt-postfix\">min<\/span><\/span><div class=\"wp-block-image\">\n<figure class=\"aligncenter size-full is-resized\"><img loading=\"lazy\" decoding=\"async\" width=\"700\" height=\"367\" src=\"https:\/\/netzwerk-homoeopathie.info\/wp-content\/uploads\/2025\/08\/Bild_2025-08-29_022600468.png\" alt=\"\" class=\"wp-image-12835\" style=\"width:651px\" srcset=\"https:\/\/netzwerk-homoeopathie.info\/wp-content\/uploads\/2025\/08\/Bild_2025-08-29_022600468.png 700w, https:\/\/netzwerk-homoeopathie.info\/wp-content\/uploads\/2025\/08\/Bild_2025-08-29_022600468-300x157.png 300w\" sizes=\"auto, (max-width: 700px) 100vw, 700px\" \/><\/figure>\n<\/div>\n\n\n<p>Wie schnell sich der Wind drehen kann, das haben wir in den letzten 20 Monaten erlebt. Erst k\u00fcndigte im Januar 2024 Minister Lauterbach mit seinem 2. Referentenentwurf zum Gesundheitsversorgungsst\u00e4rkungsgesetz den Wegfall der Erstattungspriviliegen f\u00fcr die besonderen Therapierichtungen im Sozialgesetzbuch V an. Im M\u00e4rz hie\u00df es dann: Kommando zur\u00fcck. Eine Erkl\u00e4rung wurde nie gegeben.<\/p>\n\n\n\n<p>Worauf die organisierte \u00c4rzteschaft die Initiative ergriff und durch einen Beschluss zur Hom\u00f6opathie auf dem 128. Deutschen \u00c4rztetag klargestellt hat, dass die Hom\u00f6opathie weder einen Platz im \u00e4rztlichen Kanon haben kann noch den Anforderungen an eine neuzeitliche medizinische Ethik entspricht. Ein Paukenschlag, zweifellos.<\/p>\n\n\n\n<p>Der aber bislang ungeh\u00f6rt verhallte. Uns ist keine Reaktion aus der Politik in Bezug auf den \u00c4rztetagsbeschluss bekannt. <\/p>\n\n\n\n<p>Dann kamen die Wirren des Endes der Ampel-Koalition, des Wahlkampfes, der Wahlen zum Bundestag und der Koalitionsabildung. Da wird wohl niemand glauben, dass die Hom\u00f6opathie als politisches Thema in dieser Gemengelage \u00fcberlebt hat. Abgesehen davon, dass am Beginn einer neuen Legislaturperiode in der Regel ohnehin die Agenden wieder neu aufgebaut werden m\u00fcssen.<\/p>\n\n\n\n<p>Die neue Regierung ist rund 150 Tage im Amt. Und das hei\u00dft f\u00fcr das INH, dass es sich und seine Ziele wieder deutlich in Erinnerung bringen muss. Wir sind hier und bleiben die Stimme der wissenschaftsorientierten Hom\u00f6opathiekritik, dar\u00fcber sollte sich niemand t\u00e4uschen.<\/p>\n\n\n\n<p>Noch ein Wort zu Stil und Inhalt des Schreibens an die Ministerin. Wir haben sehr bewusst von der x-ten Darstellung der medizinischen Irrelevanz abgesehen. Darum kann es nicht mehr ernsthaft gehen. Wir werden das Wirksamkeitsthema nur noch reaktiv diskutieren. Statt dessen will das Schreiben aufzeigen, wie schwerwiegend die politischen Vers\u00e4umnisse sind, die die gesetzliche Privilegierung der Hom\u00f6opathie mit sich bringen. Und da gibt es Ansatzpunkte genug. Diese Ausrichtung geh\u00f6rt zum im <a href=\"https:\/\/netzwerk-homoeopathie.info\/jahresrueckblick-2024-fortschritte-und-herausforderungen-der-homoeopathiekritischen-arbeit\/\">Jahresendeartikel 2024<\/a> bereits angek\u00fcndigten Strategiewechsel des INH. Dazu zu gegebener Zeit mehr.<\/p>\n\n\n\n<p>Hier nun das Schreiben an Ministerin Warken;<\/p>\n\n\n\n<div data-wp-interactive=\"core\/file\" class=\"wp-block-file\"><object data-wp-bind--hidden=\"!state.hasPdfPreview\" hidden class=\"wp-block-file__embed\" data=\"https:\/\/netzwerk-homoeopathie.info\/wp-content\/uploads\/2025\/08\/Offener-Brief-Gesundheitsministerin-Warken-August-2025-1.pdf\" type=\"application\/pdf\" style=\"width:100%;height:600px\" aria-label=\"Embed of Offener Brief Gesundheitsministerin Warken August 2025.\"><\/object><a id=\"wp-block-file--media-ff43f6d0-0018-49ad-ae1f-0160463820c9\" href=\"https:\/\/netzwerk-homoeopathie.info\/wp-content\/uploads\/2025\/08\/Offener-Brief-Gesundheitsministerin-Warken-August-2025-1.pdf\">Offener Brief Gesundheitsministerin Warken August 2025<\/a><a href=\"https:\/\/netzwerk-homoeopathie.info\/wp-content\/uploads\/2025\/08\/Offener-Brief-Gesundheitsministerin-Warken-August-2025-1.pdf\" class=\"wp-block-file__button wp-element-button\" download aria-describedby=\"wp-block-file--media-ff43f6d0-0018-49ad-ae1f-0160463820c9\">Herunterladen<\/a><\/div>\n","protected":false},"excerpt":{"rendered":"<p><span class=\"span-reading-time rt-reading-time\" style=\"display: block;\"><span class=\"rt-label rt-prefix\">Lesedauer \/ Reading Time:<\/span> <span class=\"rt-time\"> 2<\/span> <span class=\"rt-label rt-postfix\">min<\/span><\/span>Wie schnell sich der Wind drehen kann, das haben wir in den letzten 20 Monaten erlebt. Erst k\u00fcndigte im Januar 2024 Minister Lauterbach mit seinem 2. Referentenentwurf zum Gesundheitsversorgungsst\u00e4rkungsgesetz den Wegfall der Erstattungspriviliegen f\u00fcr die besonderen Therapierichtungen im Sozialgesetzbuch V an. Im M\u00e4rz hie\u00df es dann: Kommando zur\u00fcck. Eine Erkl\u00e4rung wurde nie gegeben. Worauf die &hellip; <\/p>\n<p class=\"link-more\"><a href=\"https:\/\/netzwerk-homoeopathie.info\/en\/politischer-handlungsbedarf-offener-brief-des-inh-an-bundesgesundheitsministerin-warken\/\" class=\"more-link\">Continue reading<span class=\"screen-reader-text\"> &#8220;Politischer Handlungsbedarf: Offener Brief des INH an Bundesgesundheitsministerin Warken&#8221;<\/span><\/a><\/p>\n","protected":false},"author":1,"featured_media":12835,"comment_status":"closed","ping_status":"open","sticky":false,"template":"","format":"standard","meta":{"jetpack_post_was_ever_published":false,"_jetpack_newsletter_access":"","_jetpack_dont_email_post_to_subs":false,"_jetpack_newsletter_tier_id":0,"_jetpack_memberships_contains_paywalled_content":false,"_jetpack_memberships_contains_paid_content":false,"footnotes":""},"categories":[10],"tags":[93,45,59,56],"class_list":["post-12832","post","type-post","status-publish","format-standard","has-post-thumbnail","hentry","category-standpunkte","tag-diskurs","tag-offene-briefe","tag-politik-und-recht","tag-pseudomedizin"],"translation":{"provider":"WPGlobus","version":"3.0.2","language":"en","enabled_languages":["de","en"],"languages":{"de":{"title":true,"content":true,"excerpt":false},"en":{"title":false,"content":false,"excerpt":false}}},"yoast_head":"<!-- This site is optimized with the Yoast SEO plugin v27.4 - https:\/\/yoast.com\/product\/yoast-seo-wordpress\/ -->\n<title>Politischer Handlungsbedarf: Offener Brief des INH an Bundesgesundheitsministerin Warken - Information Network Homeopathy<\/title>\n<meta name=\"robots\" content=\"index, follow, max-snippet:-1, max-image-preview:large, max-video-preview:-1\" \/>\n<link rel=\"canonical\" href=\"https:\/\/netzwerk-homoeopathie.info\/politischer-handlungsbedarf-offener-brief-des-inh-an-bundesgesundheitsministerin-warken\/\" \/>\n<meta property=\"og:locale\" content=\"en_US\" \/>\n<meta property=\"og:type\" content=\"article\" \/>\n<meta property=\"og:title\" content=\"Politischer Handlungsbedarf: Offener Brief des INH an Bundesgesundheitsministerin Warken - Information Network Homeopathy\" \/>\n<meta property=\"og:url\" content=\"https:\/\/netzwerk-homoeopathie.info\/politischer-handlungsbedarf-offener-brief-des-inh-an-bundesgesundheitsministerin-warken\/\" \/>\n<meta property=\"og:site_name\" content=\"Information Network Homeopathy\" \/>\n<meta property=\"article:publisher\" content=\"https:\/\/www.facebook.com\/Informationsnetzwerk-Hom%c3%b6opathie-INH-249989248680621\/\" \/>\n<meta property=\"article:published_time\" content=\"2025-08-29T00:29:14+00:00\" \/>\n<meta property=\"article:modified_time\" content=\"2025-09-01T16:58:51+00:00\" \/>\n<meta property=\"og:image\" content=\"https:\/\/netzwerk-homoeopathie.info\/wp-content\/uploads\/2025\/08\/Bild_2025-08-29_022600468.png\" \/>\n\t<meta property=\"og:image:width\" content=\"700\" \/>\n\t<meta property=\"og:image:height\" content=\"367\" \/>\n\t<meta property=\"og:image:type\" content=\"image\/png\" \/>\n<meta name=\"author\" content=\"INH-Team\" \/>\n<meta name=\"twitter:card\" content=\"summary_large_image\" \/>\n<meta name=\"twitter:creator\" content=\"@homeopathy_inh\" \/>\n<meta name=\"twitter:site\" content=\"@homeopathy_inh\" \/>\n<meta name=\"twitter:label1\" content=\"Written by\" \/>\n\t<meta name=\"twitter:data1\" content=\"INH-Team\" \/>\n\t<meta name=\"twitter:label2\" content=\"Est. reading time\" \/>\n\t<meta name=\"twitter:data2\" content=\"2 minutes\" \/>\n<script type=\"application\/ld+json\" class=\"yoast-schema-graph\">{\"@context\":\"https:\\\/\\\/schema.org\",\"@graph\":[{\"@type\":\"Article\",\"@id\":\"https:\\\/\\\/netzwerk-homoeopathie.info\\\/politischer-handlungsbedarf-offener-brief-des-inh-an-bundesgesundheitsministerin-warken\\\/#article\",\"isPartOf\":{\"@id\":\"https:\\\/\\\/netzwerk-homoeopathie.info\\\/politischer-handlungsbedarf-offener-brief-des-inh-an-bundesgesundheitsministerin-warken\\\/\"},\"author\":{\"name\":\"INH-Team\",\"@id\":\"https:\\\/\\\/netzwerk-homoeopathie.info\\\/#\\\/schema\\\/person\\\/d6e4df12b1eb486f108e9a5c1bda4722\"},\"headline\":\"Politischer Handlungsbedarf: Offener Brief des INH an Bundesgesundheitsministerin Warken\",\"datePublished\":\"2025-08-29T00:29:14+00:00\",\"dateModified\":\"2025-09-01T16:58:51+00:00\",\"mainEntityOfPage\":{\"@id\":\"https:\\\/\\\/netzwerk-homoeopathie.info\\\/politischer-handlungsbedarf-offener-brief-des-inh-an-bundesgesundheitsministerin-warken\\\/\"},\"wordCount\":327,\"publisher\":{\"@id\":\"https:\\\/\\\/netzwerk-homoeopathie.info\\\/#organization\"},\"image\":{\"@id\":\"https:\\\/\\\/netzwerk-homoeopathie.info\\\/politischer-handlungsbedarf-offener-brief-des-inh-an-bundesgesundheitsministerin-warken\\\/#primaryimage\"},\"thumbnailUrl\":\"https:\\\/\\\/netzwerk-homoeopathie.info\\\/wp-content\\\/uploads\\\/2025\\\/08\\\/Bild_2025-08-29_022600468.png\",\"keywords\":[\"Discourse\",\"Open Letters\",\"Policy and Law\",\"Pseudomedicine\"],\"articleSection\":[\"Points of View\"],\"inLanguage\":\"en-US\"},{\"@type\":\"WebPage\",\"@id\":\"https:\\\/\\\/netzwerk-homoeopathie.info\\\/politischer-handlungsbedarf-offener-brief-des-inh-an-bundesgesundheitsministerin-warken\\\/\",\"url\":\"https:\\\/\\\/netzwerk-homoeopathie.info\\\/politischer-handlungsbedarf-offener-brief-des-inh-an-bundesgesundheitsministerin-warken\\\/\",\"name\":\"Politischer Handlungsbedarf: Offener Brief des INH an Bundesgesundheitsministerin Warken - Information Network Homeopathy\",\"isPartOf\":{\"@id\":\"https:\\\/\\\/netzwerk-homoeopathie.info\\\/#website\"},\"primaryImageOfPage\":{\"@id\":\"https:\\\/\\\/netzwerk-homoeopathie.info\\\/politischer-handlungsbedarf-offener-brief-des-inh-an-bundesgesundheitsministerin-warken\\\/#primaryimage\"},\"image\":{\"@id\":\"https:\\\/\\\/netzwerk-homoeopathie.info\\\/politischer-handlungsbedarf-offener-brief-des-inh-an-bundesgesundheitsministerin-warken\\\/#primaryimage\"},\"thumbnailUrl\":\"https:\\\/\\\/netzwerk-homoeopathie.info\\\/wp-content\\\/uploads\\\/2025\\\/08\\\/Bild_2025-08-29_022600468.png\",\"datePublished\":\"2025-08-29T00:29:14+00:00\",\"dateModified\":\"2025-09-01T16:58:51+00:00\",\"description\":\"Es ist nach all den politischen Umbr\u00fcchen Zeit, an das unerledigte Thema Hom\u00f6opathie zu erinnern.\",\"breadcrumb\":{\"@id\":\"https:\\\/\\\/netzwerk-homoeopathie.info\\\/politischer-handlungsbedarf-offener-brief-des-inh-an-bundesgesundheitsministerin-warken\\\/#breadcrumb\"},\"inLanguage\":\"en-US\",\"potentialAction\":[{\"@type\":\"ReadAction\",\"target\":[\"https:\\\/\\\/netzwerk-homoeopathie.info\\\/politischer-handlungsbedarf-offener-brief-des-inh-an-bundesgesundheitsministerin-warken\\\/\"]}]},{\"@type\":\"ImageObject\",\"inLanguage\":\"en-US\",\"@id\":\"https:\\\/\\\/netzwerk-homoeopathie.info\\\/politischer-handlungsbedarf-offener-brief-des-inh-an-bundesgesundheitsministerin-warken\\\/#primaryimage\",\"url\":\"https:\\\/\\\/netzwerk-homoeopathie.info\\\/wp-content\\\/uploads\\\/2025\\\/08\\\/Bild_2025-08-29_022600468.png\",\"contentUrl\":\"https:\\\/\\\/netzwerk-homoeopathie.info\\\/wp-content\\\/uploads\\\/2025\\\/08\\\/Bild_2025-08-29_022600468.png\",\"width\":700,\"height\":367},{\"@type\":\"BreadcrumbList\",\"@id\":\"https:\\\/\\\/netzwerk-homoeopathie.info\\\/politischer-handlungsbedarf-offener-brief-des-inh-an-bundesgesundheitsministerin-warken\\\/#breadcrumb\",\"itemListElement\":[{\"@type\":\"ListItem\",\"position\":1,\"name\":\"Startseite\",\"item\":\"https:\\\/\\\/netzwerk-homoeopathie.info\\\/\"},{\"@type\":\"ListItem\",\"position\":2,\"name\":\"Politischer Handlungsbedarf: Offener Brief des INH an Bundesgesundheitsministerin Warken\"}]},{\"@type\":\"WebSite\",\"@id\":\"https:\\\/\\\/netzwerk-homoeopathie.info\\\/#website\",\"url\":\"https:\\\/\\\/netzwerk-homoeopathie.info\\\/\",\"name\":\"Informations\u00adnetzwerk Hom\u00f6opathie\",\"description\":\"We explain - you have the choice\",\"publisher\":{\"@id\":\"https:\\\/\\\/netzwerk-homoeopathie.info\\\/#organization\"},\"potentialAction\":[{\"@type\":\"SearchAction\",\"target\":{\"@type\":\"EntryPoint\",\"urlTemplate\":\"https:\\\/\\\/netzwerk-homoeopathie.info\\\/?s={search_term_string}\"},\"query-input\":{\"@type\":\"PropertyValueSpecification\",\"valueRequired\":true,\"valueName\":\"search_term_string\"}}],\"inLanguage\":\"en-US\"},{\"@type\":\"Organization\",\"@id\":\"https:\\\/\\\/netzwerk-homoeopathie.info\\\/#organization\",\"name\":\"Informationsnetzwerk Hom\u00f6opathie\",\"url\":\"https:\\\/\\\/netzwerk-homoeopathie.info\\\/\",\"logo\":{\"@type\":\"ImageObject\",\"inLanguage\":\"en-US\",\"@id\":\"https:\\\/\\\/netzwerk-homoeopathie.info\\\/#\\\/schema\\\/logo\\\/image\\\/\",\"url\":\"https:\\\/\\\/netzwerk-homoeopathie.info\\\/wp-content\\\/uploads\\\/2019\\\/02\\\/iLogo-Schatten-1.png\",\"contentUrl\":\"https:\\\/\\\/netzwerk-homoeopathie.info\\\/wp-content\\\/uploads\\\/2019\\\/02\\\/iLogo-Schatten-1.png\",\"width\":682,\"height\":625,\"caption\":\"Informationsnetzwerk Hom\u00f6opathie\"},\"image\":{\"@id\":\"https:\\\/\\\/netzwerk-homoeopathie.info\\\/#\\\/schema\\\/logo\\\/image\\\/\"},\"sameAs\":[\"https:\\\/\\\/www.facebook.com\\\/Informationsnetzwerk-Hom\u00f6opathie-INH-249989248680621\\\/\",\"https:\\\/\\\/x.com\\\/homeopathy_inh\",\"https:\\\/\\\/de.wikipedia.org\\\/wiki\\\/Informationsnetzwerk_Hom\u00f6opathie\"]},{\"@type\":\"Person\",\"@id\":\"https:\\\/\\\/netzwerk-homoeopathie.info\\\/#\\\/schema\\\/person\\\/d6e4df12b1eb486f108e9a5c1bda4722\",\"name\":\"INH-Team\",\"image\":{\"@type\":\"ImageObject\",\"inLanguage\":\"en-US\",\"@id\":\"https:\\\/\\\/secure.gravatar.com\\\/avatar\\\/8acfde2fe8ea3d52b24c1dc6ba88867d4bf276d7aa9c44f51c6796fb12adf627?s=96&d=mm&r=g\",\"url\":\"https:\\\/\\\/secure.gravatar.com\\\/avatar\\\/8acfde2fe8ea3d52b24c1dc6ba88867d4bf276d7aa9c44f51c6796fb12adf627?s=96&d=mm&r=g\",\"contentUrl\":\"https:\\\/\\\/secure.gravatar.com\\\/avatar\\\/8acfde2fe8ea3d52b24c1dc6ba88867d4bf276d7aa9c44f51c6796fb12adf627?s=96&d=mm&r=g\",\"caption\":\"INH-Team\"}}]}<\/script>\n<!-- \/ Yoast SEO plugin. -->","yoast_head_json":{"title":"Politischer Handlungsbedarf: Offener Brief des INH an Bundesgesundheitsministerin Warken - Information Network Homeopathy","robots":{"index":"index","follow":"follow","max-snippet":"max-snippet:-1","max-image-preview":"max-image-preview:large","max-video-preview":"max-video-preview:-1"},"canonical":"https:\/\/netzwerk-homoeopathie.info\/politischer-handlungsbedarf-offener-brief-des-inh-an-bundesgesundheitsministerin-warken\/","og_locale":"en_US","og_type":"article","og_title":"Politischer Handlungsbedarf: Offener Brief des INH an Bundesgesundheitsministerin Warken - Information Network Homeopathy","og_url":"https:\/\/netzwerk-homoeopathie.info\/politischer-handlungsbedarf-offener-brief-des-inh-an-bundesgesundheitsministerin-warken\/","og_site_name":"Information Network Homeopathy","article_publisher":"https:\/\/www.facebook.com\/Informationsnetzwerk-Hom%c3%b6opathie-INH-249989248680621\/","article_published_time":"2025-08-29T00:29:14+00:00","article_modified_time":"2025-09-01T16:58:51+00:00","og_image":[{"width":700,"height":367,"url":"https:\/\/netzwerk-homoeopathie.info\/wp-content\/uploads\/2025\/08\/Bild_2025-08-29_022600468.png","type":"image\/png"}],"author":"INH-Team","twitter_card":"summary_large_image","twitter_creator":"@homeopathy_inh","twitter_site":"@homeopathy_inh","twitter_misc":{"Written by":"INH-Team","Est. reading time":"2 minutes"},"schema":{"@context":"https:\/\/schema.org","@graph":[{"@type":"Article","@id":"https:\/\/netzwerk-homoeopathie.info\/politischer-handlungsbedarf-offener-brief-des-inh-an-bundesgesundheitsministerin-warken\/#article","isPartOf":{"@id":"https:\/\/netzwerk-homoeopathie.info\/politischer-handlungsbedarf-offener-brief-des-inh-an-bundesgesundheitsministerin-warken\/"},"author":{"name":"INH-Team","@id":"https:\/\/netzwerk-homoeopathie.info\/#\/schema\/person\/d6e4df12b1eb486f108e9a5c1bda4722"},"headline":"Politischer Handlungsbedarf: Offener Brief des INH an Bundesgesundheitsministerin Warken","datePublished":"2025-08-29T00:29:14+00:00","dateModified":"2025-09-01T16:58:51+00:00","mainEntityOfPage":{"@id":"https:\/\/netzwerk-homoeopathie.info\/politischer-handlungsbedarf-offener-brief-des-inh-an-bundesgesundheitsministerin-warken\/"},"wordCount":327,"publisher":{"@id":"https:\/\/netzwerk-homoeopathie.info\/#organization"},"image":{"@id":"https:\/\/netzwerk-homoeopathie.info\/politischer-handlungsbedarf-offener-brief-des-inh-an-bundesgesundheitsministerin-warken\/#primaryimage"},"thumbnailUrl":"https:\/\/netzwerk-homoeopathie.info\/wp-content\/uploads\/2025\/08\/Bild_2025-08-29_022600468.png","keywords":["Discourse","Open Letters","Policy and Law","Pseudomedicine"],"articleSection":["Points of View"],"inLanguage":"en-US"},{"@type":"WebPage","@id":"https:\/\/netzwerk-homoeopathie.info\/politischer-handlungsbedarf-offener-brief-des-inh-an-bundesgesundheitsministerin-warken\/","url":"https:\/\/netzwerk-homoeopathie.info\/politischer-handlungsbedarf-offener-brief-des-inh-an-bundesgesundheitsministerin-warken\/","name":"Politischer Handlungsbedarf: Offener Brief des INH an Bundesgesundheitsministerin Warken - Information Network Homeopathy","isPartOf":{"@id":"https:\/\/netzwerk-homoeopathie.info\/#website"},"primaryImageOfPage":{"@id":"https:\/\/netzwerk-homoeopathie.info\/politischer-handlungsbedarf-offener-brief-des-inh-an-bundesgesundheitsministerin-warken\/#primaryimage"},"image":{"@id":"https:\/\/netzwerk-homoeopathie.info\/politischer-handlungsbedarf-offener-brief-des-inh-an-bundesgesundheitsministerin-warken\/#primaryimage"},"thumbnailUrl":"https:\/\/netzwerk-homoeopathie.info\/wp-content\/uploads\/2025\/08\/Bild_2025-08-29_022600468.png","datePublished":"2025-08-29T00:29:14+00:00","dateModified":"2025-09-01T16:58:51+00:00","description":"Es ist nach all den politischen Umbr\u00fcchen Zeit, an das unerledigte Thema Hom\u00f6opathie zu erinnern.","breadcrumb":{"@id":"https:\/\/netzwerk-homoeopathie.info\/politischer-handlungsbedarf-offener-brief-des-inh-an-bundesgesundheitsministerin-warken\/#breadcrumb"},"inLanguage":"en-US","potentialAction":[{"@type":"ReadAction","target":["https:\/\/netzwerk-homoeopathie.info\/politischer-handlungsbedarf-offener-brief-des-inh-an-bundesgesundheitsministerin-warken\/"]}]},{"@type":"ImageObject","inLanguage":"en-US","@id":"https:\/\/netzwerk-homoeopathie.info\/politischer-handlungsbedarf-offener-brief-des-inh-an-bundesgesundheitsministerin-warken\/#primaryimage","url":"https:\/\/netzwerk-homoeopathie.info\/wp-content\/uploads\/2025\/08\/Bild_2025-08-29_022600468.png","contentUrl":"https:\/\/netzwerk-homoeopathie.info\/wp-content\/uploads\/2025\/08\/Bild_2025-08-29_022600468.png","width":700,"height":367},{"@type":"BreadcrumbList","@id":"https:\/\/netzwerk-homoeopathie.info\/politischer-handlungsbedarf-offener-brief-des-inh-an-bundesgesundheitsministerin-warken\/#breadcrumb","itemListElement":[{"@type":"ListItem","position":1,"name":"Startseite","item":"https:\/\/netzwerk-homoeopathie.info\/"},{"@type":"ListItem","position":2,"name":"Politischer Handlungsbedarf: Offener Brief des INH an Bundesgesundheitsministerin Warken"}]},{"@type":"WebSite","@id":"https:\/\/netzwerk-homoeopathie.info\/#website","url":"https:\/\/netzwerk-homoeopathie.info\/","name":"Informations\u00adnetzwerk Hom\u00f6opathie","description":"We explain - you have the choice","publisher":{"@id":"https:\/\/netzwerk-homoeopathie.info\/#organization"},"potentialAction":[{"@type":"SearchAction","target":{"@type":"EntryPoint","urlTemplate":"https:\/\/netzwerk-homoeopathie.info\/?s={search_term_string}"},"query-input":{"@type":"PropertyValueSpecification","valueRequired":true,"valueName":"search_term_string"}}],"inLanguage":"en-US"},{"@type":"Organization","@id":"https:\/\/netzwerk-homoeopathie.info\/#organization","name":"Informationsnetzwerk Hom\u00f6opathie","url":"https:\/\/netzwerk-homoeopathie.info\/","logo":{"@type":"ImageObject","inLanguage":"en-US","@id":"https:\/\/netzwerk-homoeopathie.info\/#\/schema\/logo\/image\/","url":"https:\/\/netzwerk-homoeopathie.info\/wp-content\/uploads\/2019\/02\/iLogo-Schatten-1.png","contentUrl":"https:\/\/netzwerk-homoeopathie.info\/wp-content\/uploads\/2019\/02\/iLogo-Schatten-1.png","width":682,"height":625,"caption":"Informationsnetzwerk Hom\u00f6opathie"},"image":{"@id":"https:\/\/netzwerk-homoeopathie.info\/#\/schema\/logo\/image\/"},"sameAs":["https:\/\/www.facebook.com\/Informationsnetzwerk-Hom\u00f6opathie-INH-249989248680621\/","https:\/\/x.com\/homeopathy_inh","https:\/\/de.wikipedia.org\/wiki\/Informationsnetzwerk_Hom\u00f6opathie"]},{"@type":"Person","@id":"https:\/\/netzwerk-homoeopathie.info\/#\/schema\/person\/d6e4df12b1eb486f108e9a5c1bda4722","name":"INH-Team","image":{"@type":"ImageObject","inLanguage":"en-US","@id":"https:\/\/secure.gravatar.com\/avatar\/8acfde2fe8ea3d52b24c1dc6ba88867d4bf276d7aa9c44f51c6796fb12adf627?s=96&d=mm&r=g","url":"https:\/\/secure.gravatar.com\/avatar\/8acfde2fe8ea3d52b24c1dc6ba88867d4bf276d7aa9c44f51c6796fb12adf627?s=96&d=mm&r=g","contentUrl":"https:\/\/secure.gravatar.com\/avatar\/8acfde2fe8ea3d52b24c1dc6ba88867d4bf276d7aa9c44f51c6796fb12adf627?s=96&d=mm&r=g","caption":"INH-Team"}}]}},"featured_image_src":"https:\/\/netzwerk-homoeopathie.info\/wp-content\/uploads\/2025\/08\/Bild_2025-08-29_022600468-600x367.png","featured_image_src_square":"https:\/\/netzwerk-homoeopathie.info\/wp-content\/uploads\/2025\/08\/Bild_2025-08-29_022600468-600x367.png","author_info":{"display_name":"INH-Team","author_link":"https:\/\/netzwerk-homoeopathie.info\/en\/author\/inhudo\/"},"jetpack_featured_media_url":"https:\/\/netzwerk-homoeopathie.info\/wp-content\/uploads\/2025\/08\/Bild_2025-08-29_022600468.png","jetpack_sharing_enabled":true,"_links":{"self":[{"href":"https:\/\/netzwerk-homoeopathie.info\/en\/wp-json\/wp\/v2\/posts\/12832","targetHints":{"allow":["GET"]}}],"collection":[{"href":"https:\/\/netzwerk-homoeopathie.info\/en\/wp-json\/wp\/v2\/posts"}],"about":[{"href":"https:\/\/netzwerk-homoeopathie.info\/en\/wp-json\/wp\/v2\/types\/post"}],"author":[{"embeddable":true,"href":"https:\/\/netzwerk-homoeopathie.info\/en\/wp-json\/wp\/v2\/users\/1"}],"replies":[{"embeddable":true,"href":"https:\/\/netzwerk-homoeopathie.info\/en\/wp-json\/wp\/v2\/comments?post=12832"}],"version-history":[{"count":7,"href":"https:\/\/netzwerk-homoeopathie.info\/en\/wp-json\/wp\/v2\/posts\/12832\/revisions"}],"predecessor-version":[{"id":12847,"href":"https:\/\/netzwerk-homoeopathie.info\/en\/wp-json\/wp\/v2\/posts\/12832\/revisions\/12847"}],"wp:featuredmedia":[{"embeddable":true,"href":"https:\/\/netzwerk-homoeopathie.info\/en\/wp-json\/wp\/v2\/media\/12835"}],"wp:attachment":[{"href":"https:\/\/netzwerk-homoeopathie.info\/en\/wp-json\/wp\/v2\/media?parent=12832"}],"wp:term":[{"taxonomy":"category","embeddable":true,"href":"https:\/\/netzwerk-homoeopathie.info\/en\/wp-json\/wp\/v2\/categories?post=12832"},{"taxonomy":"post_tag","embeddable":true,"href":"https:\/\/netzwerk-homoeopathie.info\/en\/wp-json\/wp\/v2\/tags?post=12832"}],"curies":[{"name":"wp","href":"https:\/\/api.w.org\/{rel}","templated":true}]}}