{"id":4152,"date":"2016-03-21T15:59:01","date_gmt":"2016-03-21T14:59:01","guid":{"rendered":"http:\/\/netzwerk-homoeopathie.info\/?p=4152"},"modified":"2023-03-06T18:19:32","modified_gmt":"2023-03-06T17:19:32","slug":"negative-faelle-qualvoll-an-knochenkrebs-verstorben","status":"publish","type":"post","link":"https:\/\/netzwerk-homoeopathie.info\/en\/negative-faelle-qualvoll-an-knochenkrebs-verstorben\/","title":{"rendered":"Negative F\u00e4lle &#8211; Qualvoll an Knochenkrebs verstorben"},"content":{"rendered":"<span class=\"span-reading-time rt-reading-time\" style=\"display: block;\"><span class=\"rt-label rt-prefix\">Lesedauer \/ Reading Time:<\/span> <span class=\"rt-time\"> 2<\/span> <span class=\"rt-label rt-postfix\">min<\/span><\/span><div class=\"page-header\"><\/div>\n<div class=\"pull-left item-image\">\n<div class=\"wp-block-image\">\n<figure id=\"attachment_11450\" aria-describedby=\"caption-attachment-11450\" style=\"width: 850px\" class=\"wp-caption alignnone\"><img loading=\"lazy\" decoding=\"async\" class=\"wp-image-11450\" src=\"https:\/\/netzwerk-homoeopathie.info\/wp-content\/uploads\/2019\/07\/Bild_2023-03-05_160812053-300x157.png\" alt=\"Junge Frau, nachdenklich und verzweifelt (Symbolbild)\" width=\"850\" height=\"445\" srcset=\"https:\/\/netzwerk-homoeopathie.info\/wp-content\/uploads\/2019\/07\/Bild_2023-03-05_160812053-300x157.png 300w, https:\/\/netzwerk-homoeopathie.info\/wp-content\/uploads\/2019\/07\/Bild_2023-03-05_160812053-900x471.png 900w, https:\/\/netzwerk-homoeopathie.info\/wp-content\/uploads\/2019\/07\/Bild_2023-03-05_160812053-768x402.png 768w, https:\/\/netzwerk-homoeopathie.info\/wp-content\/uploads\/2019\/07\/Bild_2023-03-05_160812053-1536x804.png 1536w, https:\/\/netzwerk-homoeopathie.info\/wp-content\/uploads\/2019\/07\/Bild_2023-03-05_160812053.png 1918w\" sizes=\"auto, (max-width: 767px) 89vw, (max-width: 1000px) 54vw, (max-width: 1071px) 543px, 580px\" \/><figcaption id=\"caption-attachment-11450\" class=\"wp-caption-text\">Symbolbild<\/figcaption><\/figure>\n<\/div>\n<\/div>\n<div>\n<h2>Christine, 21 Jahre, Bericht aus einem Darmst\u00e4dter Hospiz:<\/h2>\n<p>Als Christine aus einer &#8220;Fachklinik f\u00fcr integrative Onkologie&#8221; in unser Hospiz verlegt wurde, litt sie bereits seit drei Jahren an dem b\u00f6sartigen Knochenkrebs &#8220;Osteosarkom&#8221;. Der Krebs ist ein typischer Krebs junger Erwachsener und begann bei Christine in der linken Beckenschaufel.<br \/>\nFr\u00fchzeitig erkannt ist dieser Krebs durch eine Chemotherapie und anschlie\u00dfende weitr\u00e4umige Operation heute recht gut behandelbar. Es wird davon ausgegangen, dass die Operation des Tumors in Verbindung mit einer aggressiven Chemotherapie zu einer 5-Jahres-\u00dcberlebensrate von 50 bis 85 Prozent f\u00fchrt.<\/p>\n<p>Die Eltern von Christine setzten jedoch auf Hom\u00f6opathie und Geistheilung. Bald war der Krebs vom Knochen aus in Nerven und umgebendes Gewebe hineingewachsen und f\u00fchrte zu uns\u00e4glichen Schmerzen. Trotz schwerster Schmerzen hatte das M\u00e4dchen weder Schmerzmittel erhalten noch andere kurative Therapien. Der Tenor des behandelnden Geistheilers\/Hom\u00f6opathen war, sie m\u00fcsse sich eben mehr anstrengen, so w\u00fcrde sie den Krebs auch \u00fcberwinden k\u00f6nnen. Krebs g\u00e4be es eigentlich gar nicht, es sei eine Frage des Willens und der Geisteshaltung. So kamen bei Christine noch schwere Schuldgef\u00fchle hinzu.<\/p>\n<p>Wie nicht anders zu erwarten, metastasierte der Knochenkrebs alsbald in Leber und Lunge. Christine magerte ab, war zunehmend immobil und komplett von ihren Eltern abh\u00e4ngig. Sie brachten sie in die o.g. Klinik, wo sie jedoch bald zusammenbrach. Als Christine schlie\u00dflich nach drei Jahren schmerzvollen Martyriums in unserem Hospiz aufgenommen wurde, hatte sie nur noch elf Tage zu leben. Beide Eltern waren immer noch misstrauisch gegen die Schmerzmittel, die wir ihr gaben, um wenigstens die letzten Tage des Leidens zu erleichtern. Der Vater schlief in ihrem Zimmer, um die Medikamentengabe zu \u00fcberwachen, eine solche Angst hatte er vor Medizin. Bis zuletzt konnten die Eltern nicht einsehen, dass sie sich in der Wahl der Therapie Ihrer Tochter get\u00e4uscht und dass diese Fehlentscheidung ihrer Tochter das Leben gekostet hatte.<\/p>\n<p>Ein Verklagen der Klinik und des urspr\u00fcnglich behandelnden Hom\u00f6opathen kam f\u00fcr sie nicht in Frage &#8211; vielleicht auch, weil sie ihren eigenen Fehler daf\u00fcr h\u00e4tten wahrnehmen m\u00fcssen. Das mag auch ein Grund sein, warum man so wenig von negativen F\u00e4llen &#8211; oder gar Todesf\u00e4llen &#8211; der Hom\u00f6opthie h\u00f6rt und liest.<\/p>\n<hr>\n<p><span style=\"font-size: 1rem;\">Bild von <\/span><a style=\"font-size: 1rem;\" href=\"https:\/\/pixabay.com\/de\/users\/jerzygorecki-2233926\/?utm_source=link-attribution&amp;utm_medium=referral&amp;utm_campaign=image&amp;utm_content=3034934\">Jerzy G\u00f3recki<\/a><span style=\"font-size: 1rem;\"> auf <\/span><a style=\"font-size: 1rem;\" href=\"https:\/\/pixabay.com\/de\/\/?utm_source=link-attribution&amp;utm_medium=referral&amp;utm_campaign=image&amp;utm_content=3034934\">Pixabay<\/a><\/p>\n<\/div>\n","protected":false},"excerpt":{"rendered":"<p><span class=\"span-reading-time rt-reading-time\" style=\"display: block;\"><span class=\"rt-label rt-prefix\">Lesedauer \/ Reading Time:<\/span> <span class=\"rt-time\"> 2<\/span> <span class=\"rt-label rt-postfix\">min<\/span><\/span>Christine, 21 Jahre, Bericht aus einem Darmst\u00e4dter Hospiz: Als Christine aus einer &#8220;Fachklinik f\u00fcr integrative Onkologie&#8221; in unser Hospiz verlegt wurde, litt sie bereits seit drei Jahren an dem b\u00f6sartigen Knochenkrebs &#8220;Osteosarkom&#8221;. Der Krebs ist ein typischer Krebs junger Erwachsener und begann bei Christine in der linken Beckenschaufel. Fr\u00fchzeitig erkannt ist dieser Krebs durch eine &hellip; <\/p>\n<p class=\"link-more\"><a href=\"https:\/\/netzwerk-homoeopathie.info\/en\/negative-faelle-qualvoll-an-knochenkrebs-verstorben\/\" class=\"more-link\">Continue reading<span class=\"screen-reader-text\"> &#8220;Negative F\u00e4lle &#8211; Qualvoll an Knochenkrebs verstorben&#8221;<\/span><\/a><\/p>\n","protected":false},"author":1,"featured_media":0,"comment_status":"closed","ping_status":"open","sticky":false,"template":"","format":"standard","meta":{"jetpack_post_was_ever_published":false,"_jetpack_newsletter_access":"","_jetpack_dont_email_post_to_subs":false,"_jetpack_newsletter_tier_id":0,"_jetpack_memberships_contains_paywalled_content":false,"_jetpack_memberships_contains_paid_content":false,"footnotes":""},"categories":[15],"tags":[],"class_list":["post-4152","post","type-post","status-publish","format-standard","hentry","category-basics"],"translation":{"provider":"WPGlobus","version":"3.0.2","language":"en","enabled_languages":["de","en"],"languages":{"de":{"title":true,"content":true,"excerpt":false},"en":{"title":false,"content":false,"excerpt":false}}},"yoast_head":"<!-- This site is optimized with the Yoast SEO plugin v27.4 - https:\/\/yoast.com\/product\/yoast-seo-wordpress\/ -->\n<title>Negative F\u00e4lle - Qualvoll an Knochenkrebs verstorben - Information Network Homeopathy<\/title>\n<meta name=\"robots\" content=\"index, follow, max-snippet:-1, max-image-preview:large, max-video-preview:-1\" \/>\n<link rel=\"canonical\" href=\"https:\/\/netzwerk-homoeopathie.info\/negative-faelle-qualvoll-an-knochenkrebs-verstorben\/\" \/>\n<meta property=\"og:locale\" content=\"en_US\" \/>\n<meta property=\"og:type\" content=\"article\" \/>\n<meta property=\"og:title\" content=\"Negative F\u00e4lle - Qualvoll an Knochenkrebs verstorben - Information Network Homeopathy\" \/>\n<meta property=\"og:url\" content=\"https:\/\/netzwerk-homoeopathie.info\/negative-faelle-qualvoll-an-knochenkrebs-verstorben\/\" \/>\n<meta property=\"og:site_name\" content=\"Information Network Homeopathy\" \/>\n<meta property=\"article:publisher\" content=\"https:\/\/www.facebook.com\/Informationsnetzwerk-Hom%c3%b6opathie-INH-249989248680621\/\" \/>\n<meta property=\"article:published_time\" content=\"2016-03-21T14:59:01+00:00\" \/>\n<meta property=\"article:modified_time\" content=\"2023-03-06T17:19:32+00:00\" \/>\n<meta property=\"og:image\" content=\"https:\/\/netzwerk-homoeopathie.info\/wp-content\/uploads\/2019\/07\/Bild_2023-03-05_160812053-300x157.png\" \/>\n<meta name=\"author\" content=\"INH-Team\" \/>\n<meta name=\"twitter:card\" content=\"summary_large_image\" \/>\n<meta name=\"twitter:creator\" content=\"@homeopathy_inh\" \/>\n<meta name=\"twitter:site\" content=\"@homeopathy_inh\" \/>\n<meta name=\"twitter:label1\" content=\"Written by\" \/>\n\t<meta name=\"twitter:data1\" content=\"INH-Team\" \/>\n\t<meta name=\"twitter:label2\" content=\"Est. reading time\" \/>\n\t<meta name=\"twitter:data2\" content=\"2 minutes\" \/>\n<script type=\"application\/ld+json\" class=\"yoast-schema-graph\">{\"@context\":\"https:\\\/\\\/schema.org\",\"@graph\":[{\"@type\":\"Article\",\"@id\":\"https:\\\/\\\/netzwerk-homoeopathie.info\\\/negative-faelle-qualvoll-an-knochenkrebs-verstorben\\\/#article\",\"isPartOf\":{\"@id\":\"https:\\\/\\\/netzwerk-homoeopathie.info\\\/negative-faelle-qualvoll-an-knochenkrebs-verstorben\\\/\"},\"author\":{\"name\":\"INH-Team\",\"@id\":\"https:\\\/\\\/netzwerk-homoeopathie.info\\\/#\\\/schema\\\/person\\\/d6e4df12b1eb486f108e9a5c1bda4722\"},\"headline\":\"Negative F\u00e4lle &#8211; Qualvoll an Knochenkrebs verstorben\",\"datePublished\":\"2016-03-21T14:59:01+00:00\",\"dateModified\":\"2023-03-06T17:19:32+00:00\",\"mainEntityOfPage\":{\"@id\":\"https:\\\/\\\/netzwerk-homoeopathie.info\\\/negative-faelle-qualvoll-an-knochenkrebs-verstorben\\\/\"},\"wordCount\":401,\"publisher\":{\"@id\":\"https:\\\/\\\/netzwerk-homoeopathie.info\\\/#organization\"},\"image\":{\"@id\":\"https:\\\/\\\/netzwerk-homoeopathie.info\\\/negative-faelle-qualvoll-an-knochenkrebs-verstorben\\\/#primaryimage\"},\"thumbnailUrl\":\"https:\\\/\\\/netzwerk-homoeopathie.info\\\/wp-content\\\/uploads\\\/2019\\\/07\\\/Bild_2023-03-05_160812053-300x157.png\",\"articleSection\":[\"Basics\"],\"inLanguage\":\"en-US\"},{\"@type\":\"WebPage\",\"@id\":\"https:\\\/\\\/netzwerk-homoeopathie.info\\\/negative-faelle-qualvoll-an-knochenkrebs-verstorben\\\/\",\"url\":\"https:\\\/\\\/netzwerk-homoeopathie.info\\\/negative-faelle-qualvoll-an-knochenkrebs-verstorben\\\/\",\"name\":\"Negative F\u00e4lle - Qualvoll an Knochenkrebs verstorben - Information Network Homeopathy\",\"isPartOf\":{\"@id\":\"https:\\\/\\\/netzwerk-homoeopathie.info\\\/#website\"},\"primaryImageOfPage\":{\"@id\":\"https:\\\/\\\/netzwerk-homoeopathie.info\\\/negative-faelle-qualvoll-an-knochenkrebs-verstorben\\\/#primaryimage\"},\"image\":{\"@id\":\"https:\\\/\\\/netzwerk-homoeopathie.info\\\/negative-faelle-qualvoll-an-knochenkrebs-verstorben\\\/#primaryimage\"},\"thumbnailUrl\":\"https:\\\/\\\/netzwerk-homoeopathie.info\\\/wp-content\\\/uploads\\\/2019\\\/07\\\/Bild_2023-03-05_160812053-300x157.png\",\"datePublished\":\"2016-03-21T14:59:01+00:00\",\"dateModified\":\"2023-03-06T17:19:32+00:00\",\"breadcrumb\":{\"@id\":\"https:\\\/\\\/netzwerk-homoeopathie.info\\\/negative-faelle-qualvoll-an-knochenkrebs-verstorben\\\/#breadcrumb\"},\"inLanguage\":\"en-US\",\"potentialAction\":[{\"@type\":\"ReadAction\",\"target\":[\"https:\\\/\\\/netzwerk-homoeopathie.info\\\/negative-faelle-qualvoll-an-knochenkrebs-verstorben\\\/\"]}]},{\"@type\":\"ImageObject\",\"inLanguage\":\"en-US\",\"@id\":\"https:\\\/\\\/netzwerk-homoeopathie.info\\\/negative-faelle-qualvoll-an-knochenkrebs-verstorben\\\/#primaryimage\",\"url\":\"https:\\\/\\\/netzwerk-homoeopathie.info\\\/wp-content\\\/uploads\\\/2019\\\/07\\\/Bild_2023-03-05_160812053-300x157.png\",\"contentUrl\":\"https:\\\/\\\/netzwerk-homoeopathie.info\\\/wp-content\\\/uploads\\\/2019\\\/07\\\/Bild_2023-03-05_160812053-300x157.png\"},{\"@type\":\"BreadcrumbList\",\"@id\":\"https:\\\/\\\/netzwerk-homoeopathie.info\\\/negative-faelle-qualvoll-an-knochenkrebs-verstorben\\\/#breadcrumb\",\"itemListElement\":[{\"@type\":\"ListItem\",\"position\":1,\"name\":\"Startseite\",\"item\":\"https:\\\/\\\/netzwerk-homoeopathie.info\\\/\"},{\"@type\":\"ListItem\",\"position\":2,\"name\":\"Negative F\u00e4lle &#8211; Qualvoll an Knochenkrebs verstorben\"}]},{\"@type\":\"WebSite\",\"@id\":\"https:\\\/\\\/netzwerk-homoeopathie.info\\\/#website\",\"url\":\"https:\\\/\\\/netzwerk-homoeopathie.info\\\/\",\"name\":\"Informations\u00adnetzwerk Hom\u00f6opathie\",\"description\":\"We explain - you have the choice\",\"publisher\":{\"@id\":\"https:\\\/\\\/netzwerk-homoeopathie.info\\\/#organization\"},\"potentialAction\":[{\"@type\":\"SearchAction\",\"target\":{\"@type\":\"EntryPoint\",\"urlTemplate\":\"https:\\\/\\\/netzwerk-homoeopathie.info\\\/?s={search_term_string}\"},\"query-input\":{\"@type\":\"PropertyValueSpecification\",\"valueRequired\":true,\"valueName\":\"search_term_string\"}}],\"inLanguage\":\"en-US\"},{\"@type\":\"Organization\",\"@id\":\"https:\\\/\\\/netzwerk-homoeopathie.info\\\/#organization\",\"name\":\"Informationsnetzwerk Hom\u00f6opathie\",\"url\":\"https:\\\/\\\/netzwerk-homoeopathie.info\\\/\",\"logo\":{\"@type\":\"ImageObject\",\"inLanguage\":\"en-US\",\"@id\":\"https:\\\/\\\/netzwerk-homoeopathie.info\\\/#\\\/schema\\\/logo\\\/image\\\/\",\"url\":\"https:\\\/\\\/netzwerk-homoeopathie.info\\\/wp-content\\\/uploads\\\/2019\\\/02\\\/iLogo-Schatten-1.png\",\"contentUrl\":\"https:\\\/\\\/netzwerk-homoeopathie.info\\\/wp-content\\\/uploads\\\/2019\\\/02\\\/iLogo-Schatten-1.png\",\"width\":682,\"height\":625,\"caption\":\"Informationsnetzwerk Hom\u00f6opathie\"},\"image\":{\"@id\":\"https:\\\/\\\/netzwerk-homoeopathie.info\\\/#\\\/schema\\\/logo\\\/image\\\/\"},\"sameAs\":[\"https:\\\/\\\/www.facebook.com\\\/Informationsnetzwerk-Hom\u00f6opathie-INH-249989248680621\\\/\",\"https:\\\/\\\/x.com\\\/homeopathy_inh\",\"https:\\\/\\\/de.wikipedia.org\\\/wiki\\\/Informationsnetzwerk_Hom\u00f6opathie\"]},{\"@type\":\"Person\",\"@id\":\"https:\\\/\\\/netzwerk-homoeopathie.info\\\/#\\\/schema\\\/person\\\/d6e4df12b1eb486f108e9a5c1bda4722\",\"name\":\"INH-Team\",\"image\":{\"@type\":\"ImageObject\",\"inLanguage\":\"en-US\",\"@id\":\"https:\\\/\\\/secure.gravatar.com\\\/avatar\\\/8acfde2fe8ea3d52b24c1dc6ba88867d4bf276d7aa9c44f51c6796fb12adf627?s=96&d=mm&r=g\",\"url\":\"https:\\\/\\\/secure.gravatar.com\\\/avatar\\\/8acfde2fe8ea3d52b24c1dc6ba88867d4bf276d7aa9c44f51c6796fb12adf627?s=96&d=mm&r=g\",\"contentUrl\":\"https:\\\/\\\/secure.gravatar.com\\\/avatar\\\/8acfde2fe8ea3d52b24c1dc6ba88867d4bf276d7aa9c44f51c6796fb12adf627?s=96&d=mm&r=g\",\"caption\":\"INH-Team\"}}]}<\/script>\n<!-- \/ Yoast SEO plugin. -->","yoast_head_json":{"title":"Negative F\u00e4lle - Qualvoll an Knochenkrebs verstorben - Information Network Homeopathy","robots":{"index":"index","follow":"follow","max-snippet":"max-snippet:-1","max-image-preview":"max-image-preview:large","max-video-preview":"max-video-preview:-1"},"canonical":"https:\/\/netzwerk-homoeopathie.info\/negative-faelle-qualvoll-an-knochenkrebs-verstorben\/","og_locale":"en_US","og_type":"article","og_title":"Negative F\u00e4lle - Qualvoll an Knochenkrebs verstorben - Information Network Homeopathy","og_url":"https:\/\/netzwerk-homoeopathie.info\/negative-faelle-qualvoll-an-knochenkrebs-verstorben\/","og_site_name":"Information Network Homeopathy","article_publisher":"https:\/\/www.facebook.com\/Informationsnetzwerk-Hom%c3%b6opathie-INH-249989248680621\/","article_published_time":"2016-03-21T14:59:01+00:00","article_modified_time":"2023-03-06T17:19:32+00:00","og_image":[{"url":"https:\/\/netzwerk-homoeopathie.info\/wp-content\/uploads\/2019\/07\/Bild_2023-03-05_160812053-300x157.png","type":"","width":"","height":""}],"author":"INH-Team","twitter_card":"summary_large_image","twitter_creator":"@homeopathy_inh","twitter_site":"@homeopathy_inh","twitter_misc":{"Written by":"INH-Team","Est. reading time":"2 minutes"},"schema":{"@context":"https:\/\/schema.org","@graph":[{"@type":"Article","@id":"https:\/\/netzwerk-homoeopathie.info\/negative-faelle-qualvoll-an-knochenkrebs-verstorben\/#article","isPartOf":{"@id":"https:\/\/netzwerk-homoeopathie.info\/negative-faelle-qualvoll-an-knochenkrebs-verstorben\/"},"author":{"name":"INH-Team","@id":"https:\/\/netzwerk-homoeopathie.info\/#\/schema\/person\/d6e4df12b1eb486f108e9a5c1bda4722"},"headline":"Negative F\u00e4lle &#8211; Qualvoll an Knochenkrebs verstorben","datePublished":"2016-03-21T14:59:01+00:00","dateModified":"2023-03-06T17:19:32+00:00","mainEntityOfPage":{"@id":"https:\/\/netzwerk-homoeopathie.info\/negative-faelle-qualvoll-an-knochenkrebs-verstorben\/"},"wordCount":401,"publisher":{"@id":"https:\/\/netzwerk-homoeopathie.info\/#organization"},"image":{"@id":"https:\/\/netzwerk-homoeopathie.info\/negative-faelle-qualvoll-an-knochenkrebs-verstorben\/#primaryimage"},"thumbnailUrl":"https:\/\/netzwerk-homoeopathie.info\/wp-content\/uploads\/2019\/07\/Bild_2023-03-05_160812053-300x157.png","articleSection":["Basics"],"inLanguage":"en-US"},{"@type":"WebPage","@id":"https:\/\/netzwerk-homoeopathie.info\/negative-faelle-qualvoll-an-knochenkrebs-verstorben\/","url":"https:\/\/netzwerk-homoeopathie.info\/negative-faelle-qualvoll-an-knochenkrebs-verstorben\/","name":"Negative F\u00e4lle - Qualvoll an Knochenkrebs verstorben - Information Network Homeopathy","isPartOf":{"@id":"https:\/\/netzwerk-homoeopathie.info\/#website"},"primaryImageOfPage":{"@id":"https:\/\/netzwerk-homoeopathie.info\/negative-faelle-qualvoll-an-knochenkrebs-verstorben\/#primaryimage"},"image":{"@id":"https:\/\/netzwerk-homoeopathie.info\/negative-faelle-qualvoll-an-knochenkrebs-verstorben\/#primaryimage"},"thumbnailUrl":"https:\/\/netzwerk-homoeopathie.info\/wp-content\/uploads\/2019\/07\/Bild_2023-03-05_160812053-300x157.png","datePublished":"2016-03-21T14:59:01+00:00","dateModified":"2023-03-06T17:19:32+00:00","breadcrumb":{"@id":"https:\/\/netzwerk-homoeopathie.info\/negative-faelle-qualvoll-an-knochenkrebs-verstorben\/#breadcrumb"},"inLanguage":"en-US","potentialAction":[{"@type":"ReadAction","target":["https:\/\/netzwerk-homoeopathie.info\/negative-faelle-qualvoll-an-knochenkrebs-verstorben\/"]}]},{"@type":"ImageObject","inLanguage":"en-US","@id":"https:\/\/netzwerk-homoeopathie.info\/negative-faelle-qualvoll-an-knochenkrebs-verstorben\/#primaryimage","url":"https:\/\/netzwerk-homoeopathie.info\/wp-content\/uploads\/2019\/07\/Bild_2023-03-05_160812053-300x157.png","contentUrl":"https:\/\/netzwerk-homoeopathie.info\/wp-content\/uploads\/2019\/07\/Bild_2023-03-05_160812053-300x157.png"},{"@type":"BreadcrumbList","@id":"https:\/\/netzwerk-homoeopathie.info\/negative-faelle-qualvoll-an-knochenkrebs-verstorben\/#breadcrumb","itemListElement":[{"@type":"ListItem","position":1,"name":"Startseite","item":"https:\/\/netzwerk-homoeopathie.info\/"},{"@type":"ListItem","position":2,"name":"Negative F\u00e4lle &#8211; Qualvoll an Knochenkrebs verstorben"}]},{"@type":"WebSite","@id":"https:\/\/netzwerk-homoeopathie.info\/#website","url":"https:\/\/netzwerk-homoeopathie.info\/","name":"Informations\u00adnetzwerk Hom\u00f6opathie","description":"We explain - you have the choice","publisher":{"@id":"https:\/\/netzwerk-homoeopathie.info\/#organization"},"potentialAction":[{"@type":"SearchAction","target":{"@type":"EntryPoint","urlTemplate":"https:\/\/netzwerk-homoeopathie.info\/?s={search_term_string}"},"query-input":{"@type":"PropertyValueSpecification","valueRequired":true,"valueName":"search_term_string"}}],"inLanguage":"en-US"},{"@type":"Organization","@id":"https:\/\/netzwerk-homoeopathie.info\/#organization","name":"Informationsnetzwerk Hom\u00f6opathie","url":"https:\/\/netzwerk-homoeopathie.info\/","logo":{"@type":"ImageObject","inLanguage":"en-US","@id":"https:\/\/netzwerk-homoeopathie.info\/#\/schema\/logo\/image\/","url":"https:\/\/netzwerk-homoeopathie.info\/wp-content\/uploads\/2019\/02\/iLogo-Schatten-1.png","contentUrl":"https:\/\/netzwerk-homoeopathie.info\/wp-content\/uploads\/2019\/02\/iLogo-Schatten-1.png","width":682,"height":625,"caption":"Informationsnetzwerk Hom\u00f6opathie"},"image":{"@id":"https:\/\/netzwerk-homoeopathie.info\/#\/schema\/logo\/image\/"},"sameAs":["https:\/\/www.facebook.com\/Informationsnetzwerk-Hom\u00f6opathie-INH-249989248680621\/","https:\/\/x.com\/homeopathy_inh","https:\/\/de.wikipedia.org\/wiki\/Informationsnetzwerk_Hom\u00f6opathie"]},{"@type":"Person","@id":"https:\/\/netzwerk-homoeopathie.info\/#\/schema\/person\/d6e4df12b1eb486f108e9a5c1bda4722","name":"INH-Team","image":{"@type":"ImageObject","inLanguage":"en-US","@id":"https:\/\/secure.gravatar.com\/avatar\/8acfde2fe8ea3d52b24c1dc6ba88867d4bf276d7aa9c44f51c6796fb12adf627?s=96&d=mm&r=g","url":"https:\/\/secure.gravatar.com\/avatar\/8acfde2fe8ea3d52b24c1dc6ba88867d4bf276d7aa9c44f51c6796fb12adf627?s=96&d=mm&r=g","contentUrl":"https:\/\/secure.gravatar.com\/avatar\/8acfde2fe8ea3d52b24c1dc6ba88867d4bf276d7aa9c44f51c6796fb12adf627?s=96&d=mm&r=g","caption":"INH-Team"}}]}},"featured_image_src":null,"featured_image_src_square":null,"author_info":{"display_name":"INH-Team","author_link":"https:\/\/netzwerk-homoeopathie.info\/en\/author\/inhudo\/"},"jetpack_featured_media_url":"","jetpack_sharing_enabled":true,"_links":{"self":[{"href":"https:\/\/netzwerk-homoeopathie.info\/en\/wp-json\/wp\/v2\/posts\/4152","targetHints":{"allow":["GET"]}}],"collection":[{"href":"https:\/\/netzwerk-homoeopathie.info\/en\/wp-json\/wp\/v2\/posts"}],"about":[{"href":"https:\/\/netzwerk-homoeopathie.info\/en\/wp-json\/wp\/v2\/types\/post"}],"author":[{"embeddable":true,"href":"https:\/\/netzwerk-homoeopathie.info\/en\/wp-json\/wp\/v2\/users\/1"}],"replies":[{"embeddable":true,"href":"https:\/\/netzwerk-homoeopathie.info\/en\/wp-json\/wp\/v2\/comments?post=4152"}],"version-history":[{"count":3,"href":"https:\/\/netzwerk-homoeopathie.info\/en\/wp-json\/wp\/v2\/posts\/4152\/revisions"}],"predecessor-version":[{"id":11468,"href":"https:\/\/netzwerk-homoeopathie.info\/en\/wp-json\/wp\/v2\/posts\/4152\/revisions\/11468"}],"wp:attachment":[{"href":"https:\/\/netzwerk-homoeopathie.info\/en\/wp-json\/wp\/v2\/media?parent=4152"}],"wp:term":[{"taxonomy":"category","embeddable":true,"href":"https:\/\/netzwerk-homoeopathie.info\/en\/wp-json\/wp\/v2\/categories?post=4152"},{"taxonomy":"post_tag","embeddable":true,"href":"https:\/\/netzwerk-homoeopathie.info\/en\/wp-json\/wp\/v2\/tags?post=4152"}],"curies":[{"name":"wp","href":"https:\/\/api.w.org\/{rel}","templated":true}]}}